[{"@context":"https:\/\/schema.org\/","@type":"Article","@id":"https:\/\/www.stavcom.cz\/prodejny-na-vesnici\/#Article","mainEntityOfPage":"https:\/\/www.stavcom.cz\/prodejny-na-vesnici\/","headline":"Prodejny na vesnici","name":"Prodejny na vesnici","description":"Za vl\u00e1dy komunist\u016f byla prodejna s potravinami, nebo je\u0161t\u011b p\u0159esn\u011bji se sm\u00ed\u0161en\u00fdm zbo\u017e\u00edm v ka\u017ed\u00e9 vesnici. Mo\u017en\u00e1 tak\u00e9 prod\u011bl\u00e1vala, av\u0161ak d\u00edky st\u00e1tn\u00edm dotac\u00edm se \u201eudr\u017eela\u201c a nen\u00ed pam\u011btn\u00edka, \u017ee by se n\u011bkde zru\u0161ila. A pokud ano, byla zaji\u0161t\u011bna tak zvan\u00e1 poj\u00edzdn\u00e1 prodejna. V\u00fdb\u011br v n\u00ed velk\u00fd nebyl, ale z\u00e1kladn\u00ed v\u011bci jste si nakoupili.&#13; &#13; Po...","datePublished":"2020-01-20","dateModified":"2023-05-22","author":{"@type":"Person","@id":"https:\/\/www.stavcom.cz\/author\/#Person","name":"","url":"https:\/\/www.stavcom.cz\/author\/","identifier":1,"image":{"@type":"ImageObject","@id":"https:\/\/secure.gravatar.com\/avatar\/b86e461e91a792eb6523c2667396c9868de382fea5dd80e25dc0d9e030173b65?s=96&d=mm&r=g","url":"https:\/\/secure.gravatar.com\/avatar\/b86e461e91a792eb6523c2667396c9868de382fea5dd80e25dc0d9e030173b65?s=96&d=mm&r=g","height":96,"width":96}},"publisher":{"@type":"Organization","name":"stavcom.cz","logo":{"@type":"ImageObject","@id":"\/logo.png","url":"\/logo.png","width":600,"height":60}},"image":{"@type":"ImageObject","@id":"https:\/\/www.stavcom.cz\/wp-content\/uploads\/img_a356327_w3292_t1570953778.png","url":"https:\/\/www.stavcom.cz\/wp-content\/uploads\/img_a356327_w3292_t1570953778.png","height":0,"width":0},"url":"https:\/\/www.stavcom.cz\/prodejny-na-vesnici\/","about":["Podnik\u00e1n\u00ed"],"wordCount":431,"articleBody":"Za vl\u00e1dy komunist\u016f byla prodejna s potravinami, nebo je\u0161t\u011b p\u0159esn\u011bji se sm\u00ed\u0161en\u00fdm zbo\u017e\u00edm v ka\u017ed\u00e9 vesnici. Mo\u017en\u00e1 tak\u00e9 prod\u011bl\u00e1vala, av\u0161ak d\u00edky st\u00e1tn\u00edm dotac\u00edm se \u201eudr\u017eela\u201c a nen\u00ed pam\u011btn\u00edka, \u017ee by se n\u011bkde zru\u0161ila. A pokud ano, byla zaji\u0161t\u011bna tak zvan\u00e1 poj\u00edzdn\u00e1 prodejna. V\u00fdb\u011br v n\u00ed velk\u00fd nebyl, ale z\u00e1kladn\u00ed v\u011bci jste si nakoupili.&#13; &#13; Po p\u00e1du nen\u00e1vid\u011bn\u00fdch \u201ekoman\u010d\u016f\u201c se tyto obch\u016fdky p\u0159estaly dotovat a postupn\u011b si je kupovali, nebo pronaj\u00edmali nov\u00ed majitel\u00e9. Soukromn\u00edci, \u017eivnostn\u00edci, podnikatel\u00e9, je jedno jak je nazveme. Ov\u0161em v\u011bt\u0161ina z nich zjistila ji\u017e po roce provozu, \u017ee v\u00fdd\u011blek nen\u00ed, a naopak, \u017ee mus\u00ed dopl\u00e1cet ze sv\u00e9ho.&#13; &#13; Je to jen uk\u00e1zka tr\u017en\u00ed spole\u010dnosti. V\u011bt\u0161ina lid\u00ed z vesnice pracuje ve m\u011bst\u011b, kam doj\u00ed\u017ed\u00ed autem. Je pro n\u011b rozhodn\u011b lep\u0161\u00ed, a i cenov\u011b v\u00fdhodn\u011bj\u0161\u00ed, si nakoupit ve m\u011bst\u011b v n\u011bkter\u00e9m z market\u016f ne\u017e a\u017e u nich doma. Market m\u00e1 ni\u017e\u0161\u00ed ceny, proto\u017ee objedn\u00e1v\u00e1 zbo\u017e\u00ed ve velk\u00e9m, co\u017e mal\u00fd obchodn\u00edk nem\u016f\u017ee.&#13; &#13; V m\u00edst\u011b prodejny ji\u017e nakoup\u00ed jen ti, co se do m\u011bsta nedostanou. To znamen\u00e1 d\u016fchodci. Ti si koup\u00ed p\u016flku chleba a maj\u00ed to na t\u0159i dny, nebo p\u00e1r rohl\u00edk\u016f a jednou za m\u011bs\u00edc, kdy\u017e po\u017emoulaj\u00ed zbytky d\u016fchodu, ud\u011blaj\u00ed v\u011bt\u0161\u00ed n\u00e1kup. N\u011bkdy i za dv\u011b st\u011b korun. Matky na mate\u0159sk\u00e9 zde nekupuj\u00ed, jim doveze man\u017eel.&#13; &#13; Tak\u017ee sem je\u0161t\u011b ob\u010das p\u0159ib\u011bhne hospodyn\u011b, kter\u00fd zapomn\u011bla na tamto, \u010di ono a prodava\u010dka se v kr\u00e1m\u011b siln\u011b nud\u00ed. Nem\u00e1 prost\u011b co d\u011blat, ale plat j\u00ed mus\u00ed pan podnikatel d\u00e1t. Neplat\u00ed ji z tr\u017eby, ale na hodinu. Na konci m\u011bs\u00edce pak ubo\u017e\u00e1k zjist\u00ed, \u017ee prodal zbo\u017e\u00ed za deset tis\u00edc, zisk m\u00e1 dva, a dvan\u00e1ct chce prodava\u010dka na zkr\u00e1cen\u00fd \u00favazek. Podnikatel to bal\u00ed a mal\u00fd obchod je uzav\u0159en. Nikdo jej nechce, a tak ch\u00e1tr\u00e1,&#13; &#13; Jen p\u00e1r state\u010dn\u00fdch, nebo nad\u0161en\u00fdch jedinc\u016f je\u0161t\u011b tyto obch\u016fdky dr\u017e\u00ed. V\u011bt\u0161inou za podpory m\u00edstn\u00edho veden\u00ed.&#13; &#13; Vesnice tedy budou \u010dasem bez obch\u016fdk\u016f, a to je \u0161koda. Ale byznys je byznys. Pokud se na n\u011b\u010dem nevyd\u011bl\u00e1v\u00e1, tak do toho nikdo nep\u016fjde. &#13;                                                                                                                                                                                                                                                                                                                                                                                         3.9\/5 - (13 votes)        "},{"@context":"https:\/\/schema.org\/","@type":"BreadcrumbList","itemListElement":[{"@type":"ListItem","position":1,"name":"Prodejny na vesnici","item":"https:\/\/www.stavcom.cz\/prodejny-na-vesnici\/#breadcrumbitem"}]}]